{"id":1357,"date":"2020-02-20T12:16:09","date_gmt":"2020-02-20T12:16:09","guid":{"rendered":"http:\/\/thierrydelsart.com\/?p=1357"},"modified":"2021-06-08T18:42:50","modified_gmt":"2021-06-08T18:42:50","slug":"me-barcelona","status":"publish","type":"post","link":"https:\/\/thierrydelsart.com\/index.php\/2020\/02\/20\/me-barcelona\/","title":{"rendered":"Me Barcelona abre pronto"},"content":{"rendered":"\t\t<div data-elementor-type=\"wp-post\" data-elementor-id=\"1357\" class=\"elementor elementor-1357\">\n\t\t\t\t\t\t<section class=\"elementor-section elementor-top-section elementor-element elementor-element-e8d35af elementor-section-boxed elementor-section-height-default elementor-section-height-default\" data-id=\"e8d35af\" data-element_type=\"section\" data-e-type=\"section\">\n\t\t\t\t\t\t<div class=\"elementor-container elementor-column-gap-default\">\n\t\t\t\t\t<div class=\"elementor-column elementor-col-100 elementor-top-column elementor-element elementor-element-f5766cd\" data-id=\"f5766cd\" data-element_type=\"column\" data-e-type=\"column\">\n\t\t\t<div class=\"elementor-widget-wrap elementor-element-populated\">\n\t\t\t\t\t\t<div class=\"elementor-element elementor-element-1ad8ec4 elementor-widget elementor-widget-heading\" data-id=\"1ad8ec4\" data-element_type=\"widget\" data-e-type=\"widget\" data-widget_type=\"heading.default\">\n\t\t\t\t<div class=\"elementor-widget-container\">\n\t\t\t\t\t<h2 class=\"elementor-heading-title elementor-size-default\">Me Barcelona abrir\u00e1 en oto\u00f1o 2021.<\/h2>\t\t\t\t<\/div>\n\t\t\t\t<\/div>\n\t\t\t\t<div class=\"elementor-element elementor-element-1f983d0 elementor-widget elementor-widget-text-editor\" data-id=\"1f983d0\" data-element_type=\"widget\" data-e-type=\"widget\" data-widget_type=\"text-editor.default\">\n\t\t\t\t<div class=\"elementor-widget-container\">\n\t\t\t\t\t\t\t\t\t<p>Largamente esperado, el nuevo hotel cinco estrellas Me by Meli\u00e1 en Barcelona abrir\u00e1 este a\u00f1o 2021. <br \/>Hubo un primer Me Barcelona hace a\u00f1os, pero ni el edificio ni su ubicaci\u00f3n acababan de ser acordes con la esencia de la marca y Meli\u00e1 plane\u00f3 un cambio. <br \/>Despu\u00e9s de renombrar el Me de la calle Pere IV como Meli\u00e1 Barcelona Sky, empez\u00f3 la b\u00fasqueda de otro emplazamiento. \u00bfC\u00f3mo pod\u00eda Barcelona, una ciudad tan cosmopolita y animada estar sin un Me?<br \/>Finalmente germin\u00f3 un proyecto muy bonito, la reforma del cine Novedades y del hotel Barcelona , al principio de la calle Casp, pegado al Paseo de Gracia. <br \/>El proyecto estuvo sobre la mesa desde 2014, pero top\u00f3 entre otras dificultades con la moratoria hotelera impulsada por el Ayuntamiento de Barcelona y no pudo salir adelante hasta 2017. <br \/>Despu\u00e9s de tres a\u00f1os de obras y retrasos varios, ya pude hacer <a href=\"https:\/\/thierrydelsart.com\/index.php\/interiores\/\">fotos de la habitaci\u00f3n piloto<\/a> y <a href=\"https:\/\/thierrydelsart.com\/index.php\/exteriores\/\">de las vistas<\/a> este febrero. Un poco m\u00e1s de paciencia y en oto\u00f1o, por fin, ser\u00e1 una realidad. Albergar\u00e1, adem\u00e1s del hotel, una zona comercial y un acceso p\u00fablico a una plaza al centro de la manzana.<\/p>\t\t\t\t\t\t\t\t<\/div>\n\t\t\t\t<\/div>\n\t\t\t\t<div class=\"elementor-element elementor-element-bd20e16 elementor-widget elementor-widget-heading\" data-id=\"bd20e16\" data-element_type=\"widget\" data-e-type=\"widget\" data-widget_type=\"heading.default\">\n\t\t\t\t<div class=\"elementor-widget-container\">\n\t\t\t\t\t<h6 class=\"elementor-heading-title elementor-size-default\">20\/02\/2020<\/h6>\t\t\t\t<\/div>\n\t\t\t\t<\/div>\n\t\t\t\t\t<\/div>\n\t\t<\/div>\n\t\t\t\t\t<\/div>\n\t\t<\/section>\n\t\t\t\t<section class=\"elementor-section elementor-top-section elementor-element elementor-element-6583bc3 elementor-section-boxed elementor-section-height-default elementor-section-height-default\" data-id=\"6583bc3\" data-element_type=\"section\" data-e-type=\"section\">\n\t\t\t\t\t\t<div class=\"elementor-container elementor-column-gap-default\">\n\t\t\t\t\t<div class=\"elementor-column elementor-col-100 elementor-top-column elementor-element elementor-element-8c0363b\" data-id=\"8c0363b\" data-element_type=\"column\" data-e-type=\"column\">\n\t\t\t<div class=\"elementor-widget-wrap elementor-element-populated\">\n\t\t\t\t\t\t<div class=\"elementor-element elementor-element-421541b elementor-widget elementor-widget-visual-portfolio\" data-id=\"421541b\" data-element_type=\"widget\" data-e-type=\"widget\" data-widget_type=\"visual-portfolio.default\">\n\t\t\t\t<div class=\"elementor-widget-container\">\n\t\t\t\t\t\t\t<div\n\t\t\t\t\t>\n\t\t\t\t\t\t\t\n<div class=\"vp-portfolio vp-uid-c73660aa vp-id-1351  vp-portfolio__stretch\"\n\tdata-vp-layout=\"masonry\" data-vp-content-source=\"images\" data-vp-items-style=\"fade\" data-vp-items-click-action=\"popup_gallery\" data-vp-items-gap=\"4\" data-vp-items-gap-vertical=\"\" data-vp-pagination=\"load-more\" data-vp-next-page-url=\"\" data-vp-masonry-columns=\"4\" >\n\t<div class=\"vp-portfolio__preloader-wrap\">\n\t\t<div class=\"vp-portfolio__preloader\">\n\t\t\t<img decoding=\"async\" loading=\"eager\" src=\"https:\/\/thierrydelsart.com\/wp-content\/plugins\/visual-portfolio\/assets\/images\/logo-dark.svg\" alt=\"Visual Portfolio, Posts &amp; Image Gallery para WordPress\" width=\"20\" height=\"20\" data-skip-lazy>\n\t\t<\/div>\n\t<\/div>\n\t\t<div class=\"vp-portfolio__items-wrap\">\n\t\t\t\n<div class=\"vp-portfolio__items vp-portfolio__items-style-fade vp-portfolio__items-show-overlay-hover\">\n\n\t\t<div\t\tclass=\"vp-portfolio__item-wrap vp-portfolio__item-uid-32f030c3\" data-vp-filter=\"\" \t\t>\n\t\t\t<template class=\"vp-portfolio__item-popup\" style=\"display: none\" data-vp-popup-img=\"https:\/\/thierrydelsart.com\/wp-content\/uploads\/2020\/06\/MeBarcelona-AuraRoom1.jpg\" data-vp-popup-img-srcset=\"https:\/\/thierrydelsart.com\/wp-content\/uploads\/2020\/06\/MeBarcelona-AuraRoom1.jpg 1200w, https:\/\/thierrydelsart.com\/wp-content\/uploads\/2020\/06\/MeBarcelona-AuraRoom1-300x200.jpg 300w, https:\/\/thierrydelsart.com\/wp-content\/uploads\/2020\/06\/MeBarcelona-AuraRoom1-1024x683.jpg 1024w, https:\/\/thierrydelsart.com\/wp-content\/uploads\/2020\/06\/MeBarcelona-AuraRoom1-768x512.jpg 768w, https:\/\/thierrydelsart.com\/wp-content\/uploads\/2020\/06\/MeBarcelona-AuraRoom1-600x400.jpg 600w, https:\/\/thierrydelsart.com\/wp-content\/uploads\/2020\/06\/MeBarcelona-AuraRoom1-500x333.jpg 500w, https:\/\/thierrydelsart.com\/wp-content\/uploads\/2020\/06\/MeBarcelona-AuraRoom1-800x533.jpg 800w, https:\/\/thierrydelsart.com\/wp-content\/uploads\/2020\/06\/MeBarcelona-AuraRoom1-100x67.jpg 100w, https:\/\/thierrydelsart.com\/wp-content\/uploads\/2020\/06\/MeBarcelona-AuraRoom1-150x100.jpg 150w, https:\/\/thierrydelsart.com\/wp-content\/uploads\/2020\/06\/MeBarcelona-AuraRoom1-200x133.jpg 200w, https:\/\/thierrydelsart.com\/wp-content\/uploads\/2020\/06\/MeBarcelona-AuraRoom1-450x300.jpg 450w, https:\/\/thierrydelsart.com\/wp-content\/uploads\/2020\/06\/MeBarcelona-AuraRoom1-900x600.jpg 900w\" data-vp-popup-img-size=\"1200x800\" data-vp-popup-md-img=\"https:\/\/thierrydelsart.com\/wp-content\/uploads\/2020\/06\/MeBarcelona-AuraRoom1-800x533.jpg\" data-vp-popup-md-img-size=\"800x533\" data-vp-popup-sm-img=\"https:\/\/thierrydelsart.com\/wp-content\/uploads\/2020\/06\/MeBarcelona-AuraRoom1-500x333.jpg\" data-vp-popup-sm-img-size=\"500x333\">\n\t<\/template>\n\t\t\t\t\t\t<figure class=\"vp-portfolio__item\">\n\t\t\t\t\n<div class=\"vp-portfolio__item-img-wrap\">\n\t<div class=\"vp-portfolio__item-img\">\n\t\t\t<a\n\t\thref=\"https:\/\/thierrydelsart.com\/wp-content\/uploads\/2020\/06\/MeBarcelona-AuraRoom1.jpg\"\n\t\taria-label=\"Me Barcelona - Aura Room\" \t>\n\t\n\t\t<noscript><img fetchpriority=\"high\" decoding=\"async\" width=\"1200\" height=\"800\" data-skip-lazy src=\"https:\/\/thierrydelsart.com\/wp-content\/uploads\/2020\/06\/MeBarcelona-AuraRoom1.jpg\" class=\"wp-image-1352\" alt=\"Habitaci\u00f3n de hotel con el sol que entra por la ventanas\" srcset=\"https:\/\/thierrydelsart.com\/wp-content\/uploads\/2020\/06\/MeBarcelona-AuraRoom1.jpg 1200w, https:\/\/thierrydelsart.com\/wp-content\/uploads\/2020\/06\/MeBarcelona-AuraRoom1-300x200.jpg 300w, https:\/\/thierrydelsart.com\/wp-content\/uploads\/2020\/06\/MeBarcelona-AuraRoom1-1024x683.jpg 1024w, https:\/\/thierrydelsart.com\/wp-content\/uploads\/2020\/06\/MeBarcelona-AuraRoom1-768x512.jpg 768w, https:\/\/thierrydelsart.com\/wp-content\/uploads\/2020\/06\/MeBarcelona-AuraRoom1-600x400.jpg 600w, https:\/\/thierrydelsart.com\/wp-content\/uploads\/2020\/06\/MeBarcelona-AuraRoom1-500x333.jpg 500w, https:\/\/thierrydelsart.com\/wp-content\/uploads\/2020\/06\/MeBarcelona-AuraRoom1-800x533.jpg 800w, https:\/\/thierrydelsart.com\/wp-content\/uploads\/2020\/06\/MeBarcelona-AuraRoom1-100x67.jpg 100w, https:\/\/thierrydelsart.com\/wp-content\/uploads\/2020\/06\/MeBarcelona-AuraRoom1-150x100.jpg 150w, https:\/\/thierrydelsart.com\/wp-content\/uploads\/2020\/06\/MeBarcelona-AuraRoom1-200x133.jpg 200w, https:\/\/thierrydelsart.com\/wp-content\/uploads\/2020\/06\/MeBarcelona-AuraRoom1-450x300.jpg 450w, https:\/\/thierrydelsart.com\/wp-content\/uploads\/2020\/06\/MeBarcelona-AuraRoom1-900x600.jpg 900w\" sizes=\"(max-width: 1200px) 100vw, 1200px\" \/><\/noscript><img decoding=\"async\" width=\"1200\" height=\"800\" src=\"https:\/\/thierrydelsart.com\/wp-content\/uploads\/2020\/06\/MeBarcelona-AuraRoom1.jpg\" class=\"wp-image-1352 vp-lazyload\" alt=\"Habitaci\u00f3n de hotel con el sol que entra por la ventanas\" srcset=\"data:image\/svg+xml;base64,PHN2ZyB3aWR0aD0iMTIwMCIgaGVpZ2h0PSI4MDAiIHZpZXdCb3g9IjAgMCAxMjAwIDgwMCIgZmlsbD0ibm9uZSIgeG1sbnM9Imh0dHA6Ly93d3cudzMub3JnLzIwMDAvc3ZnIj48L3N2Zz4=\" data-src=\"https:\/\/thierrydelsart.com\/wp-content\/uploads\/2020\/06\/MeBarcelona-AuraRoom1.jpg\" data-srcset=\"https:\/\/thierrydelsart.com\/wp-content\/uploads\/2020\/06\/MeBarcelona-AuraRoom1.jpg 1200w, https:\/\/thierrydelsart.com\/wp-content\/uploads\/2020\/06\/MeBarcelona-AuraRoom1-300x200.jpg 300w, https:\/\/thierrydelsart.com\/wp-content\/uploads\/2020\/06\/MeBarcelona-AuraRoom1-1024x683.jpg 1024w, https:\/\/thierrydelsart.com\/wp-content\/uploads\/2020\/06\/MeBarcelona-AuraRoom1-768x512.jpg 768w, https:\/\/thierrydelsart.com\/wp-content\/uploads\/2020\/06\/MeBarcelona-AuraRoom1-600x400.jpg 600w, https:\/\/thierrydelsart.com\/wp-content\/uploads\/2020\/06\/MeBarcelona-AuraRoom1-500x333.jpg 500w, https:\/\/thierrydelsart.com\/wp-content\/uploads\/2020\/06\/MeBarcelona-AuraRoom1-800x533.jpg 800w, https:\/\/thierrydelsart.com\/wp-content\/uploads\/2020\/06\/MeBarcelona-AuraRoom1-100x67.jpg 100w, https:\/\/thierrydelsart.com\/wp-content\/uploads\/2020\/06\/MeBarcelona-AuraRoom1-150x100.jpg 150w, https:\/\/thierrydelsart.com\/wp-content\/uploads\/2020\/06\/MeBarcelona-AuraRoom1-200x133.jpg 200w, https:\/\/thierrydelsart.com\/wp-content\/uploads\/2020\/06\/MeBarcelona-AuraRoom1-450x300.jpg 450w, https:\/\/thierrydelsart.com\/wp-content\/uploads\/2020\/06\/MeBarcelona-AuraRoom1-900x600.jpg 900w\" data-sizes=\"auto\" loading=\"eager\">\n\t\t<\/a>\t<\/div>\n<\/div>\n\t<div class=\"vp-portfolio__item-overlay\">\n\t\t\t<a\n\t\thref=\"https:\/\/thierrydelsart.com\/wp-content\/uploads\/2020\/06\/MeBarcelona-AuraRoom1.jpg\"\n\t\ttabindex=\"-1\" class=\"vp-portfolio__item-meta\" aria-label=\"Me Barcelona - Aura Room\" \t>\n\t\t\t<\/a>\t<\/div>\n\t\t\t\t<\/figure>\n\t\t\t\t\t<\/div>\n\t\t\n\t\t<div\t\tclass=\"vp-portfolio__item-wrap vp-portfolio__item-uid-789729e5\" data-vp-filter=\"\" \t\t>\n\t\t\t<template class=\"vp-portfolio__item-popup\" style=\"display: none\" data-vp-popup-img=\"https:\/\/thierrydelsart.com\/wp-content\/uploads\/2020\/06\/MeBarcelona-AuraRoomDetail1.jpg\" data-vp-popup-img-srcset=\"https:\/\/thierrydelsart.com\/wp-content\/uploads\/2020\/06\/MeBarcelona-AuraRoomDetail1.jpg 1200w, https:\/\/thierrydelsart.com\/wp-content\/uploads\/2020\/06\/MeBarcelona-AuraRoomDetail1-300x200.jpg 300w, https:\/\/thierrydelsart.com\/wp-content\/uploads\/2020\/06\/MeBarcelona-AuraRoomDetail1-1024x683.jpg 1024w, https:\/\/thierrydelsart.com\/wp-content\/uploads\/2020\/06\/MeBarcelona-AuraRoomDetail1-768x512.jpg 768w, https:\/\/thierrydelsart.com\/wp-content\/uploads\/2020\/06\/MeBarcelona-AuraRoomDetail1-600x400.jpg 600w, https:\/\/thierrydelsart.com\/wp-content\/uploads\/2020\/06\/MeBarcelona-AuraRoomDetail1-500x333.jpg 500w, https:\/\/thierrydelsart.com\/wp-content\/uploads\/2020\/06\/MeBarcelona-AuraRoomDetail1-800x533.jpg 800w, https:\/\/thierrydelsart.com\/wp-content\/uploads\/2020\/06\/MeBarcelona-AuraRoomDetail1-100x67.jpg 100w, https:\/\/thierrydelsart.com\/wp-content\/uploads\/2020\/06\/MeBarcelona-AuraRoomDetail1-150x100.jpg 150w, https:\/\/thierrydelsart.com\/wp-content\/uploads\/2020\/06\/MeBarcelona-AuraRoomDetail1-200x133.jpg 200w, https:\/\/thierrydelsart.com\/wp-content\/uploads\/2020\/06\/MeBarcelona-AuraRoomDetail1-450x300.jpg 450w, https:\/\/thierrydelsart.com\/wp-content\/uploads\/2020\/06\/MeBarcelona-AuraRoomDetail1-900x600.jpg 900w\" data-vp-popup-img-size=\"1200x800\" data-vp-popup-md-img=\"https:\/\/thierrydelsart.com\/wp-content\/uploads\/2020\/06\/MeBarcelona-AuraRoomDetail1-800x533.jpg\" data-vp-popup-md-img-size=\"800x533\" data-vp-popup-sm-img=\"https:\/\/thierrydelsart.com\/wp-content\/uploads\/2020\/06\/MeBarcelona-AuraRoomDetail1-500x333.jpg\" data-vp-popup-sm-img-size=\"500x333\">\n\t<\/template>\n\t\t\t\t\t\t<figure class=\"vp-portfolio__item\">\n\t\t\t\t\n<div class=\"vp-portfolio__item-img-wrap\">\n\t<div class=\"vp-portfolio__item-img\">\n\t\t\t<a\n\t\thref=\"https:\/\/thierrydelsart.com\/wp-content\/uploads\/2020\/06\/MeBarcelona-AuraRoomDetail1.jpg\"\n\t\taria-label=\"Me Barcelona - Aura Room detail\" \t>\n\t\n\t\t<noscript><img decoding=\"async\" width=\"1200\" height=\"800\" data-skip-lazy src=\"https:\/\/thierrydelsart.com\/wp-content\/uploads\/2020\/06\/MeBarcelona-AuraRoomDetail1.jpg\" class=\"wp-image-1353\" alt=\"Habitaci\u00f3n de hotel con libro encima de la cama\" srcset=\"https:\/\/thierrydelsart.com\/wp-content\/uploads\/2020\/06\/MeBarcelona-AuraRoomDetail1.jpg 1200w, https:\/\/thierrydelsart.com\/wp-content\/uploads\/2020\/06\/MeBarcelona-AuraRoomDetail1-300x200.jpg 300w, https:\/\/thierrydelsart.com\/wp-content\/uploads\/2020\/06\/MeBarcelona-AuraRoomDetail1-1024x683.jpg 1024w, https:\/\/thierrydelsart.com\/wp-content\/uploads\/2020\/06\/MeBarcelona-AuraRoomDetail1-768x512.jpg 768w, https:\/\/thierrydelsart.com\/wp-content\/uploads\/2020\/06\/MeBarcelona-AuraRoomDetail1-600x400.jpg 600w, https:\/\/thierrydelsart.com\/wp-content\/uploads\/2020\/06\/MeBarcelona-AuraRoomDetail1-500x333.jpg 500w, https:\/\/thierrydelsart.com\/wp-content\/uploads\/2020\/06\/MeBarcelona-AuraRoomDetail1-800x533.jpg 800w, https:\/\/thierrydelsart.com\/wp-content\/uploads\/2020\/06\/MeBarcelona-AuraRoomDetail1-100x67.jpg 100w, https:\/\/thierrydelsart.com\/wp-content\/uploads\/2020\/06\/MeBarcelona-AuraRoomDetail1-150x100.jpg 150w, https:\/\/thierrydelsart.com\/wp-content\/uploads\/2020\/06\/MeBarcelona-AuraRoomDetail1-200x133.jpg 200w, https:\/\/thierrydelsart.com\/wp-content\/uploads\/2020\/06\/MeBarcelona-AuraRoomDetail1-450x300.jpg 450w, https:\/\/thierrydelsart.com\/wp-content\/uploads\/2020\/06\/MeBarcelona-AuraRoomDetail1-900x600.jpg 900w\" sizes=\"(max-width: 1200px) 100vw, 1200px\" \/><\/noscript><img decoding=\"async\" width=\"1200\" height=\"800\" src=\"https:\/\/thierrydelsart.com\/wp-content\/uploads\/2020\/06\/MeBarcelona-AuraRoomDetail1.jpg\" class=\"wp-image-1353 vp-lazyload\" alt=\"Habitaci\u00f3n de hotel con libro encima de la cama\" srcset=\"data:image\/svg+xml;base64,PHN2ZyB3aWR0aD0iMTIwMCIgaGVpZ2h0PSI4MDAiIHZpZXdCb3g9IjAgMCAxMjAwIDgwMCIgZmlsbD0ibm9uZSIgeG1sbnM9Imh0dHA6Ly93d3cudzMub3JnLzIwMDAvc3ZnIj48L3N2Zz4=\" data-src=\"https:\/\/thierrydelsart.com\/wp-content\/uploads\/2020\/06\/MeBarcelona-AuraRoomDetail1.jpg\" data-srcset=\"https:\/\/thierrydelsart.com\/wp-content\/uploads\/2020\/06\/MeBarcelona-AuraRoomDetail1.jpg 1200w, https:\/\/thierrydelsart.com\/wp-content\/uploads\/2020\/06\/MeBarcelona-AuraRoomDetail1-300x200.jpg 300w, https:\/\/thierrydelsart.com\/wp-content\/uploads\/2020\/06\/MeBarcelona-AuraRoomDetail1-1024x683.jpg 1024w, https:\/\/thierrydelsart.com\/wp-content\/uploads\/2020\/06\/MeBarcelona-AuraRoomDetail1-768x512.jpg 768w, https:\/\/thierrydelsart.com\/wp-content\/uploads\/2020\/06\/MeBarcelona-AuraRoomDetail1-600x400.jpg 600w, https:\/\/thierrydelsart.com\/wp-content\/uploads\/2020\/06\/MeBarcelona-AuraRoomDetail1-500x333.jpg 500w, https:\/\/thierrydelsart.com\/wp-content\/uploads\/2020\/06\/MeBarcelona-AuraRoomDetail1-800x533.jpg 800w, https:\/\/thierrydelsart.com\/wp-content\/uploads\/2020\/06\/MeBarcelona-AuraRoomDetail1-100x67.jpg 100w, https:\/\/thierrydelsart.com\/wp-content\/uploads\/2020\/06\/MeBarcelona-AuraRoomDetail1-150x100.jpg 150w, https:\/\/thierrydelsart.com\/wp-content\/uploads\/2020\/06\/MeBarcelona-AuraRoomDetail1-200x133.jpg 200w, https:\/\/thierrydelsart.com\/wp-content\/uploads\/2020\/06\/MeBarcelona-AuraRoomDetail1-450x300.jpg 450w, https:\/\/thierrydelsart.com\/wp-content\/uploads\/2020\/06\/MeBarcelona-AuraRoomDetail1-900x600.jpg 900w\" data-sizes=\"auto\" loading=\"eager\">\n\t\t<\/a>\t<\/div>\n<\/div>\n\t<div class=\"vp-portfolio__item-overlay\">\n\t\t\t<a\n\t\thref=\"https:\/\/thierrydelsart.com\/wp-content\/uploads\/2020\/06\/MeBarcelona-AuraRoomDetail1.jpg\"\n\t\ttabindex=\"-1\" class=\"vp-portfolio__item-meta\" aria-label=\"Me Barcelona - Aura Room detail\" \t>\n\t\t\t<\/a>\t<\/div>\n\t\t\t\t<\/figure>\n\t\t\t\t\t<\/div>\n\t\t\n\t\t<div\t\tclass=\"vp-portfolio__item-wrap vp-portfolio__item-uid-a153c696\" data-vp-filter=\"\" \t\t>\n\t\t\t<template class=\"vp-portfolio__item-popup\" style=\"display: none\" data-vp-popup-img=\"https:\/\/thierrydelsart.com\/wp-content\/uploads\/2020\/06\/MeBarcelona-CarrerCaspPasseigDeGra\u0300cia.jpg\" data-vp-popup-img-srcset=\"https:\/\/thierrydelsart.com\/wp-content\/uploads\/2020\/06\/MeBarcelona-CarrerCaspPasseigDeGra\u0300cia.jpg 1085w, https:\/\/thierrydelsart.com\/wp-content\/uploads\/2020\/06\/MeBarcelona-CarrerCaspPasseigDeGra\u0300cia-300x276.jpg 300w, https:\/\/thierrydelsart.com\/wp-content\/uploads\/2020\/06\/MeBarcelona-CarrerCaspPasseigDeGra\u0300cia-1024x944.jpg 1024w, https:\/\/thierrydelsart.com\/wp-content\/uploads\/2020\/06\/MeBarcelona-CarrerCaspPasseigDeGra\u0300cia-768x708.jpg 768w, https:\/\/thierrydelsart.com\/wp-content\/uploads\/2020\/06\/MeBarcelona-CarrerCaspPasseigDeGra\u0300cia-600x553.jpg 600w, https:\/\/thierrydelsart.com\/wp-content\/uploads\/2020\/06\/MeBarcelona-CarrerCaspPasseigDeGra\u0300cia-500x461.jpg 500w, https:\/\/thierrydelsart.com\/wp-content\/uploads\/2020\/06\/MeBarcelona-CarrerCaspPasseigDeGra\u0300cia-800x737.jpg 800w, https:\/\/thierrydelsart.com\/wp-content\/uploads\/2020\/06\/MeBarcelona-CarrerCaspPasseigDeGra\u0300cia-100x92.jpg 100w, https:\/\/thierrydelsart.com\/wp-content\/uploads\/2020\/06\/MeBarcelona-CarrerCaspPasseigDeGra\u0300cia-150x138.jpg 150w, https:\/\/thierrydelsart.com\/wp-content\/uploads\/2020\/06\/MeBarcelona-CarrerCaspPasseigDeGra\u0300cia-200x184.jpg 200w, https:\/\/thierrydelsart.com\/wp-content\/uploads\/2020\/06\/MeBarcelona-CarrerCaspPasseigDeGra\u0300cia-450x415.jpg 450w, https:\/\/thierrydelsart.com\/wp-content\/uploads\/2020\/06\/MeBarcelona-CarrerCaspPasseigDeGra\u0300cia-900x829.jpg 900w\" data-vp-popup-img-size=\"1085x1000\" data-vp-popup-md-img=\"https:\/\/thierrydelsart.com\/wp-content\/uploads\/2020\/06\/MeBarcelona-CarrerCaspPasseigDeGra\u0300cia-800x737.jpg\" data-vp-popup-md-img-size=\"800x737\" data-vp-popup-sm-img=\"https:\/\/thierrydelsart.com\/wp-content\/uploads\/2020\/06\/MeBarcelona-CarrerCaspPasseigDeGra\u0300cia-500x461.jpg\" data-vp-popup-sm-img-size=\"500x461\">\n\t<\/template>\n\t\t\t\t\t\t<figure class=\"vp-portfolio__item\">\n\t\t\t\t\n<div class=\"vp-portfolio__item-img-wrap\">\n\t<div class=\"vp-portfolio__item-img\">\n\t\t\t<a\n\t\thref=\"https:\/\/thierrydelsart.com\/wp-content\/uploads\/2020\/06\/MeBarcelona-CarrerCaspPasseigDeGra\u0300cia.jpg\"\n\t\taria-label=\"Me Barcelona - Carrer Casp - Passeig De Gr\u00e0cia\" \t>\n\t\n\t\t<noscript><img decoding=\"async\" width=\"1085\" height=\"1000\" data-skip-lazy src=\"https:\/\/thierrydelsart.com\/wp-content\/uploads\/2020\/06\/MeBarcelona-CarrerCaspPasseigDeGra\u0300cia.jpg\" class=\"wp-image-1354\" alt=\"Edificio de passeo de Gracia con Caspe\" srcset=\"https:\/\/thierrydelsart.com\/wp-content\/uploads\/2020\/06\/MeBarcelona-CarrerCaspPasseigDeGra\u0300cia.jpg 1085w, https:\/\/thierrydelsart.com\/wp-content\/uploads\/2020\/06\/MeBarcelona-CarrerCaspPasseigDeGra\u0300cia-300x276.jpg 300w, https:\/\/thierrydelsart.com\/wp-content\/uploads\/2020\/06\/MeBarcelona-CarrerCaspPasseigDeGra\u0300cia-1024x944.jpg 1024w, https:\/\/thierrydelsart.com\/wp-content\/uploads\/2020\/06\/MeBarcelona-CarrerCaspPasseigDeGra\u0300cia-768x708.jpg 768w, https:\/\/thierrydelsart.com\/wp-content\/uploads\/2020\/06\/MeBarcelona-CarrerCaspPasseigDeGra\u0300cia-600x553.jpg 600w, https:\/\/thierrydelsart.com\/wp-content\/uploads\/2020\/06\/MeBarcelona-CarrerCaspPasseigDeGra\u0300cia-500x461.jpg 500w, https:\/\/thierrydelsart.com\/wp-content\/uploads\/2020\/06\/MeBarcelona-CarrerCaspPasseigDeGra\u0300cia-800x737.jpg 800w, https:\/\/thierrydelsart.com\/wp-content\/uploads\/2020\/06\/MeBarcelona-CarrerCaspPasseigDeGra\u0300cia-100x92.jpg 100w, https:\/\/thierrydelsart.com\/wp-content\/uploads\/2020\/06\/MeBarcelona-CarrerCaspPasseigDeGra\u0300cia-150x138.jpg 150w, https:\/\/thierrydelsart.com\/wp-content\/uploads\/2020\/06\/MeBarcelona-CarrerCaspPasseigDeGra\u0300cia-200x184.jpg 200w, https:\/\/thierrydelsart.com\/wp-content\/uploads\/2020\/06\/MeBarcelona-CarrerCaspPasseigDeGra\u0300cia-450x415.jpg 450w, https:\/\/thierrydelsart.com\/wp-content\/uploads\/2020\/06\/MeBarcelona-CarrerCaspPasseigDeGra\u0300cia-900x829.jpg 900w\" sizes=\"(max-width: 1085px) 100vw, 1085px\" \/><\/noscript><img decoding=\"async\" width=\"1085\" height=\"1000\" src=\"https:\/\/thierrydelsart.com\/wp-content\/uploads\/2020\/06\/MeBarcelona-CarrerCaspPasseigDeGra\u0300cia.jpg\" class=\"wp-image-1354 vp-lazyload\" alt=\"Edificio de passeo de Gracia con Caspe\" srcset=\"data:image\/svg+xml;base64,PHN2ZyB3aWR0aD0iMTA4NSIgaGVpZ2h0PSIxMDAwIiB2aWV3Qm94PSIwIDAgMTA4NSAxMDAwIiBmaWxsPSJub25lIiB4bWxucz0iaHR0cDovL3d3dy53My5vcmcvMjAwMC9zdmciPjwvc3ZnPg==\" data-src=\"https:\/\/thierrydelsart.com\/wp-content\/uploads\/2020\/06\/MeBarcelona-CarrerCaspPasseigDeGra\u0300cia.jpg\" data-srcset=\"https:\/\/thierrydelsart.com\/wp-content\/uploads\/2020\/06\/MeBarcelona-CarrerCaspPasseigDeGra\u0300cia.jpg 1085w, https:\/\/thierrydelsart.com\/wp-content\/uploads\/2020\/06\/MeBarcelona-CarrerCaspPasseigDeGra\u0300cia-300x276.jpg 300w, https:\/\/thierrydelsart.com\/wp-content\/uploads\/2020\/06\/MeBarcelona-CarrerCaspPasseigDeGra\u0300cia-1024x944.jpg 1024w, https:\/\/thierrydelsart.com\/wp-content\/uploads\/2020\/06\/MeBarcelona-CarrerCaspPasseigDeGra\u0300cia-768x708.jpg 768w, https:\/\/thierrydelsart.com\/wp-content\/uploads\/2020\/06\/MeBarcelona-CarrerCaspPasseigDeGra\u0300cia-600x553.jpg 600w, https:\/\/thierrydelsart.com\/wp-content\/uploads\/2020\/06\/MeBarcelona-CarrerCaspPasseigDeGra\u0300cia-500x461.jpg 500w, https:\/\/thierrydelsart.com\/wp-content\/uploads\/2020\/06\/MeBarcelona-CarrerCaspPasseigDeGra\u0300cia-800x737.jpg 800w, https:\/\/thierrydelsart.com\/wp-content\/uploads\/2020\/06\/MeBarcelona-CarrerCaspPasseigDeGra\u0300cia-100x92.jpg 100w, https:\/\/thierrydelsart.com\/wp-content\/uploads\/2020\/06\/MeBarcelona-CarrerCaspPasseigDeGra\u0300cia-150x138.jpg 150w, https:\/\/thierrydelsart.com\/wp-content\/uploads\/2020\/06\/MeBarcelona-CarrerCaspPasseigDeGra\u0300cia-200x184.jpg 200w, https:\/\/thierrydelsart.com\/wp-content\/uploads\/2020\/06\/MeBarcelona-CarrerCaspPasseigDeGra\u0300cia-450x415.jpg 450w, https:\/\/thierrydelsart.com\/wp-content\/uploads\/2020\/06\/MeBarcelona-CarrerCaspPasseigDeGra\u0300cia-900x829.jpg 900w\" data-sizes=\"auto\" loading=\"eager\">\n\t\t<\/a>\t<\/div>\n<\/div>\n\t<div class=\"vp-portfolio__item-overlay\">\n\t\t\t<a\n\t\thref=\"https:\/\/thierrydelsart.com\/wp-content\/uploads\/2020\/06\/MeBarcelona-CarrerCaspPasseigDeGra\u0300cia.jpg\"\n\t\ttabindex=\"-1\" class=\"vp-portfolio__item-meta\" aria-label=\"Me Barcelona - Carrer Casp - Passeig De Gr\u00e0cia\" \t>\n\t\t\t<\/a>\t<\/div>\n\t\t\t\t<\/figure>\n\t\t\t\t\t<\/div>\n\t\t\n\t\t<div\t\tclass=\"vp-portfolio__item-wrap vp-portfolio__item-uid-eb34dfb0\" data-vp-filter=\"\" \t\t>\n\t\t\t<template class=\"vp-portfolio__item-popup\" style=\"display: none\" data-vp-popup-img=\"https:\/\/thierrydelsart.com\/wp-content\/uploads\/2020\/06\/MeBarcelona-ViewsFromHotelSagradaFamilia.jpg\" data-vp-popup-img-srcset=\"https:\/\/thierrydelsart.com\/wp-content\/uploads\/2020\/06\/MeBarcelona-ViewsFromHotelSagradaFamilia.jpg 1200w, https:\/\/thierrydelsart.com\/wp-content\/uploads\/2020\/06\/MeBarcelona-ViewsFromHotelSagradaFamilia-300x176.jpg 300w, https:\/\/thierrydelsart.com\/wp-content\/uploads\/2020\/06\/MeBarcelona-ViewsFromHotelSagradaFamilia-1024x600.jpg 1024w, https:\/\/thierrydelsart.com\/wp-content\/uploads\/2020\/06\/MeBarcelona-ViewsFromHotelSagradaFamilia-768x450.jpg 768w, https:\/\/thierrydelsart.com\/wp-content\/uploads\/2020\/06\/MeBarcelona-ViewsFromHotelSagradaFamilia-600x352.jpg 600w, https:\/\/thierrydelsart.com\/wp-content\/uploads\/2020\/06\/MeBarcelona-ViewsFromHotelSagradaFamilia-500x293.jpg 500w, https:\/\/thierrydelsart.com\/wp-content\/uploads\/2020\/06\/MeBarcelona-ViewsFromHotelSagradaFamilia-800x469.jpg 800w, https:\/\/thierrydelsart.com\/wp-content\/uploads\/2020\/06\/MeBarcelona-ViewsFromHotelSagradaFamilia-100x59.jpg 100w, https:\/\/thierrydelsart.com\/wp-content\/uploads\/2020\/06\/MeBarcelona-ViewsFromHotelSagradaFamilia-150x88.jpg 150w, https:\/\/thierrydelsart.com\/wp-content\/uploads\/2020\/06\/MeBarcelona-ViewsFromHotelSagradaFamilia-200x117.jpg 200w, https:\/\/thierrydelsart.com\/wp-content\/uploads\/2020\/06\/MeBarcelona-ViewsFromHotelSagradaFamilia-450x264.jpg 450w, https:\/\/thierrydelsart.com\/wp-content\/uploads\/2020\/06\/MeBarcelona-ViewsFromHotelSagradaFamilia-900x527.jpg 900w\" data-vp-popup-img-size=\"1200x703\" data-vp-popup-md-img=\"https:\/\/thierrydelsart.com\/wp-content\/uploads\/2020\/06\/MeBarcelona-ViewsFromHotelSagradaFamilia-800x469.jpg\" data-vp-popup-md-img-size=\"800x469\" data-vp-popup-sm-img=\"https:\/\/thierrydelsart.com\/wp-content\/uploads\/2020\/06\/MeBarcelona-ViewsFromHotelSagradaFamilia-500x293.jpg\" data-vp-popup-sm-img-size=\"500x293\">\n\t<\/template>\n\t\t\t\t\t\t<figure class=\"vp-portfolio__item\">\n\t\t\t\t\n<div class=\"vp-portfolio__item-img-wrap\">\n\t<div class=\"vp-portfolio__item-img\">\n\t\t\t<a\n\t\thref=\"https:\/\/thierrydelsart.com\/wp-content\/uploads\/2020\/06\/MeBarcelona-ViewsFromHotelSagradaFamilia.jpg\"\n\t\taria-label=\"Me Barcelona - View from the hotel: La Sagrada Fam\u00edlia\" \t>\n\t\n\t\t<noscript><img loading=\"lazy\" decoding=\"async\" width=\"1200\" height=\"703\" data-skip-lazy src=\"https:\/\/thierrydelsart.com\/wp-content\/uploads\/2020\/06\/MeBarcelona-ViewsFromHotelSagradaFamilia.jpg\" class=\"wp-image-1355\" alt=\"La Sagrada Familia\" srcset=\"https:\/\/thierrydelsart.com\/wp-content\/uploads\/2020\/06\/MeBarcelona-ViewsFromHotelSagradaFamilia.jpg 1200w, https:\/\/thierrydelsart.com\/wp-content\/uploads\/2020\/06\/MeBarcelona-ViewsFromHotelSagradaFamilia-300x176.jpg 300w, https:\/\/thierrydelsart.com\/wp-content\/uploads\/2020\/06\/MeBarcelona-ViewsFromHotelSagradaFamilia-1024x600.jpg 1024w, https:\/\/thierrydelsart.com\/wp-content\/uploads\/2020\/06\/MeBarcelona-ViewsFromHotelSagradaFamilia-768x450.jpg 768w, https:\/\/thierrydelsart.com\/wp-content\/uploads\/2020\/06\/MeBarcelona-ViewsFromHotelSagradaFamilia-600x352.jpg 600w, https:\/\/thierrydelsart.com\/wp-content\/uploads\/2020\/06\/MeBarcelona-ViewsFromHotelSagradaFamilia-500x293.jpg 500w, https:\/\/thierrydelsart.com\/wp-content\/uploads\/2020\/06\/MeBarcelona-ViewsFromHotelSagradaFamilia-800x469.jpg 800w, https:\/\/thierrydelsart.com\/wp-content\/uploads\/2020\/06\/MeBarcelona-ViewsFromHotelSagradaFamilia-100x59.jpg 100w, https:\/\/thierrydelsart.com\/wp-content\/uploads\/2020\/06\/MeBarcelona-ViewsFromHotelSagradaFamilia-150x88.jpg 150w, https:\/\/thierrydelsart.com\/wp-content\/uploads\/2020\/06\/MeBarcelona-ViewsFromHotelSagradaFamilia-200x117.jpg 200w, https:\/\/thierrydelsart.com\/wp-content\/uploads\/2020\/06\/MeBarcelona-ViewsFromHotelSagradaFamilia-450x264.jpg 450w, https:\/\/thierrydelsart.com\/wp-content\/uploads\/2020\/06\/MeBarcelona-ViewsFromHotelSagradaFamilia-900x527.jpg 900w\" sizes=\"(max-width: 1200px) 100vw, 1200px\" \/><\/noscript><img decoding=\"async\" width=\"1200\" height=\"703\" src=\"https:\/\/thierrydelsart.com\/wp-content\/uploads\/2020\/06\/MeBarcelona-ViewsFromHotelSagradaFamilia.jpg\" class=\"wp-image-1355 vp-lazyload\" alt=\"La Sagrada Familia\" srcset=\"data:image\/svg+xml;base64,PHN2ZyB3aWR0aD0iMTIwMCIgaGVpZ2h0PSI3MDMiIHZpZXdCb3g9IjAgMCAxMjAwIDcwMyIgZmlsbD0ibm9uZSIgeG1sbnM9Imh0dHA6Ly93d3cudzMub3JnLzIwMDAvc3ZnIj48L3N2Zz4=\" data-src=\"https:\/\/thierrydelsart.com\/wp-content\/uploads\/2020\/06\/MeBarcelona-ViewsFromHotelSagradaFamilia.jpg\" data-srcset=\"https:\/\/thierrydelsart.com\/wp-content\/uploads\/2020\/06\/MeBarcelona-ViewsFromHotelSagradaFamilia.jpg 1200w, https:\/\/thierrydelsart.com\/wp-content\/uploads\/2020\/06\/MeBarcelona-ViewsFromHotelSagradaFamilia-300x176.jpg 300w, https:\/\/thierrydelsart.com\/wp-content\/uploads\/2020\/06\/MeBarcelona-ViewsFromHotelSagradaFamilia-1024x600.jpg 1024w, https:\/\/thierrydelsart.com\/wp-content\/uploads\/2020\/06\/MeBarcelona-ViewsFromHotelSagradaFamilia-768x450.jpg 768w, https:\/\/thierrydelsart.com\/wp-content\/uploads\/2020\/06\/MeBarcelona-ViewsFromHotelSagradaFamilia-600x352.jpg 600w, https:\/\/thierrydelsart.com\/wp-content\/uploads\/2020\/06\/MeBarcelona-ViewsFromHotelSagradaFamilia-500x293.jpg 500w, https:\/\/thierrydelsart.com\/wp-content\/uploads\/2020\/06\/MeBarcelona-ViewsFromHotelSagradaFamilia-800x469.jpg 800w, https:\/\/thierrydelsart.com\/wp-content\/uploads\/2020\/06\/MeBarcelona-ViewsFromHotelSagradaFamilia-100x59.jpg 100w, https:\/\/thierrydelsart.com\/wp-content\/uploads\/2020\/06\/MeBarcelona-ViewsFromHotelSagradaFamilia-150x88.jpg 150w, https:\/\/thierrydelsart.com\/wp-content\/uploads\/2020\/06\/MeBarcelona-ViewsFromHotelSagradaFamilia-200x117.jpg 200w, https:\/\/thierrydelsart.com\/wp-content\/uploads\/2020\/06\/MeBarcelona-ViewsFromHotelSagradaFamilia-450x264.jpg 450w, https:\/\/thierrydelsart.com\/wp-content\/uploads\/2020\/06\/MeBarcelona-ViewsFromHotelSagradaFamilia-900x527.jpg 900w\" data-sizes=\"auto\" loading=\"eager\">\n\t\t<\/a>\t<\/div>\n<\/div>\n\t<div class=\"vp-portfolio__item-overlay\">\n\t\t\t<a\n\t\thref=\"https:\/\/thierrydelsart.com\/wp-content\/uploads\/2020\/06\/MeBarcelona-ViewsFromHotelSagradaFamilia.jpg\"\n\t\ttabindex=\"-1\" class=\"vp-portfolio__item-meta\" aria-label=\"Me Barcelona - View from the hotel: La Sagrada Fam\u00edlia\" \t>\n\t\t\t<\/a>\t<\/div>\n\t\t\t\t<\/figure>\n\t\t\t\t\t<\/div>\n\t\t\n<\/div>\n\t\t<\/div>\n\t\t\n<\/div>\n\t\t\t\t\t<\/div>\n\t\t\t\t\t\t<\/div>\n\t\t\t\t<\/div>\n\t\t\t\t<div class=\"elementor-element elementor-element-784db5d elementor-widget elementor-widget-wp-widget-recent-posts\" data-id=\"784db5d\" data-element_type=\"widget\" data-e-type=\"widget\" data-widget_type=\"wp-widget-recent-posts.default\">\n\t\t\t\t<div class=\"elementor-widget-container\">\n\t\t\t\t\t\n\t\t\n\t\t<h5>Otras noticias<\/h5>\n\t\t<ul>\n\t\t\t\t\t\t\t\t\t\t\t<li>\n\t\t\t\t\t<a href=\"https:\/\/thierrydelsart.com\/index.php\/en\/2026\/02\/15\/introducing-dethhub\/\">Introducing DethHub<\/a>\n\t\t\t\t\t\t\t\t\t\t\t<span class=\"post-date\">15.02.2026<\/span>\n\t\t\t\t\t\t\t\t\t<\/li>\n\t\t\t\t\t\t\t\t\t\t\t<li>\n\t\t\t\t\t<a href=\"https:\/\/thierrydelsart.com\/index.php\/2026\/02\/14\/nace-dethhub\/\">Introduciendo DethHub<\/a>\n\t\t\t\t\t\t\t\t\t\t\t<span class=\"post-date\">14.02.2026<\/span>\n\t\t\t\t\t\t\t\t\t<\/li>\n\t\t\t\t\t\t\t\t\t\t\t<li>\n\t\t\t\t\t<a href=\"https:\/\/thierrydelsart.com\/index.php\/2026\/02\/08\/mismo-lugar\/\">Mismo lugar, dos enfoques distintos.<\/a>\n\t\t\t\t\t\t\t\t\t\t\t<span class=\"post-date\">08.02.2026<\/span>\n\t\t\t\t\t\t\t\t\t<\/li>\n\t\t\t\t\t\t\t\t\t\t\t<li>\n\t\t\t\t\t<a href=\"https:\/\/thierrydelsart.com\/index.php\/en\/2026\/02\/08\/one-space\/\">One Space, Two Ways of Telling the Story<\/a>\n\t\t\t\t\t\t\t\t\t\t\t<span class=\"post-date\">08.02.2026<\/span>\n\t\t\t\t\t\t\t\t\t<\/li>\n\t\t\t\t\t\t\t\t\t\t\t<li>\n\t\t\t\t\t<a href=\"https:\/\/thierrydelsart.com\/index.php\/en\/2025\/12\/05\/lifestyle-as-part-of-the-story\/\">Lifestyle as Part of the Story<\/a>\n\t\t\t\t\t\t\t\t\t\t\t<span class=\"post-date\">05.12.2025<\/span>\n\t\t\t\t\t\t\t\t\t<\/li>\n\t\t\t\t\t\t\t\t\t\t\t<li>\n\t\t\t\t\t<a href=\"https:\/\/thierrydelsart.com\/index.php\/2025\/12\/05\/lifestyle-vp\/\">El lifestyle como parte del relato<\/a>\n\t\t\t\t\t\t\t\t\t\t\t<span class=\"post-date\">05.12.2025<\/span>\n\t\t\t\t\t\t\t\t\t<\/li>\n\t\t\t\t\t\t\t\t\t\t\t<li>\n\t\t\t\t\t<a href=\"https:\/\/thierrydelsart.com\/index.php\/en\/2025\/10\/19\/vp-hotels-2\/\">VP Hotels<\/a>\n\t\t\t\t\t\t\t\t\t\t\t<span class=\"post-date\">19.10.2025<\/span>\n\t\t\t\t\t\t\t\t\t<\/li>\n\t\t\t\t\t\t\t\t\t\t\t<li>\n\t\t\t\t\t<a href=\"https:\/\/thierrydelsart.com\/index.php\/2025\/10\/19\/vp-hotels\/\">VP-Hoteles<\/a>\n\t\t\t\t\t\t\t\t\t\t\t<span class=\"post-date\">19.10.2025<\/span>\n\t\t\t\t\t\t\t\t\t<\/li>\n\t\t\t\t\t\t\t\t\t\t\t<li>\n\t\t\t\t\t<a href=\"https:\/\/thierrydelsart.com\/index.php\/2025\/06\/14\/hoteles-24-25\/\">Hoteles 2024-25<\/a>\n\t\t\t\t\t\t\t\t\t\t\t<span class=\"post-date\">14.06.2025<\/span>\n\t\t\t\t\t\t\t\t\t<\/li>\n\t\t\t\t\t\t\t\t\t\t\t<li>\n\t\t\t\t\t<a href=\"https:\/\/thierrydelsart.com\/index.php\/en\/2025\/06\/14\/hotels-2024-25\/\">Hotels 2024\u201325<\/a>\n\t\t\t\t\t\t\t\t\t\t\t<span class=\"post-date\">14.06.2025<\/span>\n\t\t\t\t\t\t\t\t\t<\/li>\n\t\t\t\t\t\t\t\t\t\t\t<li>\n\t\t\t\t\t<a href=\"https:\/\/thierrydelsart.com\/index.php\/en\/2025\/06\/13\/corporate-event-personal-or-fashion-but-always-portraits\/\">Corporate, event, personal or fashion\u2026 but always portraits!<\/a>\n\t\t\t\t\t\t\t\t\t\t\t<span class=\"post-date\">13.06.2025<\/span>\n\t\t\t\t\t\t\t\t\t<\/li>\n\t\t\t\t\t\t\t\t\t\t\t<li>\n\t\t\t\t\t<a href=\"https:\/\/thierrydelsart.com\/index.php\/2025\/06\/13\/pero-retratos\/\">Institucionales, en eventos, personales o para moda, \u00a1Pero retratos!<\/a>\n\t\t\t\t\t\t\t\t\t\t\t<span class=\"post-date\">13.06.2025<\/span>\n\t\t\t\t\t\t\t\t\t<\/li>\n\t\t\t\t\t\t\t\t\t\t\t<li>\n\t\t\t\t\t<a href=\"https:\/\/thierrydelsart.com\/index.php\/en\/2025\/06\/13\/food-and-cocktails-in-hotels\/\">Food and cocktails in hotels<\/a>\n\t\t\t\t\t\t\t\t\t\t\t<span class=\"post-date\">13.06.2025<\/span>\n\t\t\t\t\t\t\t\t\t<\/li>\n\t\t\t\t\t\t\t\t\t\t\t<li>\n\t\t\t\t\t<a href=\"https:\/\/thierrydelsart.com\/index.php\/2025\/06\/13\/gastronomia-y-cocteleria-en-hoteles\/\">Gastronom\u00eda y cocteler\u00eda en hoteles<\/a>\n\t\t\t\t\t\t\t\t\t\t\t<span class=\"post-date\">13.06.2025<\/span>\n\t\t\t\t\t\t\t\t\t<\/li>\n\t\t\t\t\t\t\t\t\t\t\t<li>\n\t\t\t\t\t<a href=\"https:\/\/thierrydelsart.com\/index.php\/en\/2023\/05\/02\/enjoy-modern-and-historical-luxury-at-gran-hotel-ingles\/\">Enjoy modern and historical luxury at Gran Hotel Ingl\u00e9s<\/a>\n\t\t\t\t\t\t\t\t\t\t\t<span class=\"post-date\">02.05.2023<\/span>\n\t\t\t\t\t\t\t\t\t<\/li>\n\t\t\t\t\t\t\t\t\t\t\t<li>\n\t\t\t\t\t<a href=\"https:\/\/thierrydelsart.com\/index.php\/2023\/05\/02\/difrutar-del-diseno-y-del-lujo-en-el-gran-hotel-ingles\/\">Difrutar del dise\u00f1o y del lujo en El Gran Hotel Ingl\u00e9s<\/a>\n\t\t\t\t\t\t\t\t\t\t\t<span class=\"post-date\">02.05.2023<\/span>\n\t\t\t\t\t\t\t\t\t<\/li>\n\t\t\t\t\t\t\t\t\t\t\t<li>\n\t\t\t\t\t<a href=\"https:\/\/thierrydelsart.com\/index.php\/en\/2023\/05\/01\/the-gran-hotel-ingles-brings-you-high-end-cocktails-options-and-elaborated-gastronomy\/\">The Gran Hotel Ingl\u00e9s brings you high-end cocktails options and elaborated gastronomy.<\/a>\n\t\t\t\t\t\t\t\t\t\t\t<span class=\"post-date\">01.05.2023<\/span>\n\t\t\t\t\t\t\t\t\t<\/li>\n\t\t\t\t\t\t\t\t\t\t\t<li>\n\t\t\t\t\t<a href=\"https:\/\/thierrydelsart.com\/index.php\/2023\/05\/01\/oferta-coctelera-y-gastronomica-en-el-gran-hotel-ingles\/\">Oferta coctelera y gastron\u00f3mica en el Gran Hotel Ingl\u00e9s<\/a>\n\t\t\t\t\t\t\t\t\t\t\t<span class=\"post-date\">01.05.2023<\/span>\n\t\t\t\t\t\t\t\t\t<\/li>\n\t\t\t\t\t\t\t\t\t\t\t<li>\n\t\t\t\t\t<a href=\"https:\/\/thierrydelsart.com\/index.php\/en\/2023\/04\/12\/nh-collection-palazzo-dei-dogi-hotel\/\">NH Collection Venezia Grand Hotel Palazzo dei Dogi<\/a>\n\t\t\t\t\t\t\t\t\t\t\t<span class=\"post-date\">12.04.2023<\/span>\n\t\t\t\t\t\t\t\t\t<\/li>\n\t\t\t\t\t\t\t\t\t\t\t<li>\n\t\t\t\t\t<a href=\"https:\/\/thierrydelsart.com\/index.php\/2023\/04\/12\/hotel-nh-collection-palazzo-dei-dogi-venezia\/\">Hotel NH Collection Venezia Grand Hotel Palazzo dei Dogi<\/a>\n\t\t\t\t\t\t\t\t\t\t\t<span class=\"post-date\">12.04.2023<\/span>\n\t\t\t\t\t\t\t\t\t<\/li>\n\t\t\t\t\t\t\t\t\t\t\t<li>\n\t\t\t\t\t<a href=\"https:\/\/thierrydelsart.com\/index.php\/2022\/12\/21\/navidad-ghi\/\">Navidad en el Gran Hotel Ingl\u00e9s<\/a>\n\t\t\t\t\t\t\t\t\t\t\t<span class=\"post-date\">21.12.2022<\/span>\n\t\t\t\t\t\t\t\t\t<\/li>\n\t\t\t\t\t\t\t\t\t\t\t<li>\n\t\t\t\t\t<a href=\"https:\/\/thierrydelsart.com\/index.php\/en\/2022\/05\/09\/goxo-en\/\">\u00abGoXismo ilustrado\u00bb<\/a>\n\t\t\t\t\t\t\t\t\t\t\t<span class=\"post-date\">09.05.2022<\/span>\n\t\t\t\t\t\t\t\t\t<\/li>\n\t\t\t\t\t<\/ul>\n\n\t\t\t\t\t\t<\/div>\n\t\t\t\t<\/div>\n\t\t\t\t\t<\/div>\n\t\t<\/div>\n\t\t\t\t\t<\/div>\n\t\t<\/section>\n\t\t\t\t<\/div>\n\t\t","protected":false},"excerpt":{"rendered":"<p>Me Barcelona abrir\u00e1 en oto\u00f1o 2021. Largamente esperado, el nuevo hotel cinco estrellas Me by Meli\u00e1 en Barcelona abrir\u00e1 este a\u00f1o 2021. Hubo un primer Me Barcelona hace a\u00f1os, pero ni el edificio ni su ubicaci\u00f3n acababan de ser acordes &hellip;<\/p>\n<p class=\"read-more\"> <a class=\"more-link\" href=\"https:\/\/thierrydelsart.com\/index.php\/2020\/02\/20\/me-barcelona\/\"> <span class=\"screen-reader-text\">Me Barcelona abre pronto<\/span> Leer m\u00e1s \u00bb<\/a><\/p>\n","protected":false},"author":1,"featured_media":1352,"comment_status":"closed","ping_status":"closed","sticky":false,"template":"elementor_header_footer","format":"standard","meta":{"inline_featured_image":false,"_vp_format_video_url":"","_vp_image_focal_point":[],"footnotes":""},"categories":[36],"tags":[],"class_list":["post-1357","post","type-post","status-publish","format-standard","has-post-thumbnail","hentry","category-noticias"],"yoast_head":"<!-- This site is optimized with the Yoast SEO plugin v27.4 - https:\/\/yoast.com\/product\/yoast-seo-wordpress\/ -->\n<title>Me Barcelona abre pronto - Thierry Delsart Foto<\/title>\n<meta name=\"description\" content=\"Thierry Delsart. Fot\u00f3grafo especializado en arquitectura interior y exterior, foto culinaria y retratos.\" \/>\n<meta name=\"robots\" content=\"index, follow, max-snippet:-1, max-image-preview:large, max-video-preview:-1\" \/>\n<link rel=\"canonical\" href=\"https:\/\/thierrydelsart.com\/index.php\/2020\/02\/20\/me-barcelona\/\" \/>\n<meta property=\"og:locale\" content=\"es_ES\" \/>\n<meta property=\"og:type\" content=\"article\" \/>\n<meta property=\"og:title\" content=\"Me Barcelona abre pronto - Thierry Delsart Foto\" \/>\n<meta property=\"og:description\" content=\"Thierry Delsart. Fot\u00f3grafo especializado en arquitectura interior y exterior, foto culinaria y retratos.\" \/>\n<meta property=\"og:url\" content=\"https:\/\/thierrydelsart.com\/index.php\/2020\/02\/20\/me-barcelona\/\" \/>\n<meta property=\"og:site_name\" content=\"Thierry Delsart Foto\" \/>\n<meta property=\"article:publisher\" content=\"https:\/\/www.facebook.com\/thierry.delsart.foto\" \/>\n<meta property=\"article:author\" content=\"https:\/\/www.facebook.com\/thierry.delsart.foto\" \/>\n<meta property=\"article:published_time\" content=\"2020-02-20T12:16:09+00:00\" \/>\n<meta property=\"article:modified_time\" content=\"2021-06-08T18:42:50+00:00\" \/>\n<meta property=\"og:image\" content=\"https:\/\/thierrydelsart.com\/wp-content\/uploads\/2020\/06\/MeBarcelona-AuraRoom1.jpg\" \/>\n\t<meta property=\"og:image:width\" content=\"1200\" \/>\n\t<meta property=\"og:image:height\" content=\"800\" \/>\n\t<meta property=\"og:image:type\" content=\"image\/jpeg\" \/>\n<meta name=\"author\" content=\"Thierry Delsart\" \/>\n<meta name=\"twitter:card\" content=\"summary_large_image\" \/>\n<meta name=\"twitter:label1\" content=\"Escrito por\" \/>\n\t<meta name=\"twitter:data1\" content=\"Thierry Delsart\" \/>\n\t<meta name=\"twitter:label2\" content=\"Tiempo de lectura\" \/>\n\t<meta name=\"twitter:data2\" content=\"2 minutos\" \/>\n<script type=\"application\/ld+json\" class=\"yoast-schema-graph\">{\"@context\":\"https:\\\/\\\/schema.org\",\"@graph\":[{\"@type\":\"Article\",\"@id\":\"https:\\\/\\\/thierrydelsart.com\\\/index.php\\\/2020\\\/02\\\/20\\\/me-barcelona\\\/#article\",\"isPartOf\":{\"@id\":\"https:\\\/\\\/thierrydelsart.com\\\/index.php\\\/2020\\\/02\\\/20\\\/me-barcelona\\\/\"},\"author\":{\"name\":\"Thierry Delsart\",\"@id\":\"https:\\\/\\\/thierrydelsart.com\\\/#\\\/schema\\\/person\\\/930355864a9b9ea808a6e5acec40f0f5\"},\"headline\":\"Me Barcelona abre pronto\",\"datePublished\":\"2020-02-20T12:16:09+00:00\",\"dateModified\":\"2021-06-08T18:42:50+00:00\",\"mainEntityOfPage\":{\"@id\":\"https:\\\/\\\/thierrydelsart.com\\\/index.php\\\/2020\\\/02\\\/20\\\/me-barcelona\\\/\"},\"wordCount\":210,\"publisher\":{\"@id\":\"https:\\\/\\\/thierrydelsart.com\\\/#\\\/schema\\\/person\\\/930355864a9b9ea808a6e5acec40f0f5\"},\"image\":{\"@id\":\"https:\\\/\\\/thierrydelsart.com\\\/index.php\\\/2020\\\/02\\\/20\\\/me-barcelona\\\/#primaryimage\"},\"thumbnailUrl\":\"https:\\\/\\\/thierrydelsart.com\\\/wp-content\\\/uploads\\\/2020\\\/06\\\/MeBarcelona-AuraRoom1.jpg\",\"articleSection\":[\"noticias\"],\"inLanguage\":\"es\"},{\"@type\":\"WebPage\",\"@id\":\"https:\\\/\\\/thierrydelsart.com\\\/index.php\\\/2020\\\/02\\\/20\\\/me-barcelona\\\/\",\"url\":\"https:\\\/\\\/thierrydelsart.com\\\/index.php\\\/2020\\\/02\\\/20\\\/me-barcelona\\\/\",\"name\":\"Me Barcelona abre pronto - Thierry Delsart Foto\",\"isPartOf\":{\"@id\":\"https:\\\/\\\/thierrydelsart.com\\\/#website\"},\"primaryImageOfPage\":{\"@id\":\"https:\\\/\\\/thierrydelsart.com\\\/index.php\\\/2020\\\/02\\\/20\\\/me-barcelona\\\/#primaryimage\"},\"image\":{\"@id\":\"https:\\\/\\\/thierrydelsart.com\\\/index.php\\\/2020\\\/02\\\/20\\\/me-barcelona\\\/#primaryimage\"},\"thumbnailUrl\":\"https:\\\/\\\/thierrydelsart.com\\\/wp-content\\\/uploads\\\/2020\\\/06\\\/MeBarcelona-AuraRoom1.jpg\",\"datePublished\":\"2020-02-20T12:16:09+00:00\",\"dateModified\":\"2021-06-08T18:42:50+00:00\",\"description\":\"Thierry Delsart. Fot\u00f3grafo especializado en arquitectura interior y exterior, foto culinaria y retratos.\",\"breadcrumb\":{\"@id\":\"https:\\\/\\\/thierrydelsart.com\\\/index.php\\\/2020\\\/02\\\/20\\\/me-barcelona\\\/#breadcrumb\"},\"inLanguage\":\"es\",\"potentialAction\":[{\"@type\":\"ReadAction\",\"target\":[\"https:\\\/\\\/thierrydelsart.com\\\/index.php\\\/2020\\\/02\\\/20\\\/me-barcelona\\\/\"]}]},{\"@type\":\"ImageObject\",\"inLanguage\":\"es\",\"@id\":\"https:\\\/\\\/thierrydelsart.com\\\/index.php\\\/2020\\\/02\\\/20\\\/me-barcelona\\\/#primaryimage\",\"url\":\"https:\\\/\\\/thierrydelsart.com\\\/wp-content\\\/uploads\\\/2020\\\/06\\\/MeBarcelona-AuraRoom1.jpg\",\"contentUrl\":\"https:\\\/\\\/thierrydelsart.com\\\/wp-content\\\/uploads\\\/2020\\\/06\\\/MeBarcelona-AuraRoom1.jpg\",\"width\":1200,\"height\":800,\"caption\":\"Habitaci\u00f3n de hotel con el sol que entra por la ventanas\"},{\"@type\":\"BreadcrumbList\",\"@id\":\"https:\\\/\\\/thierrydelsart.com\\\/index.php\\\/2020\\\/02\\\/20\\\/me-barcelona\\\/#breadcrumb\",\"itemListElement\":[{\"@type\":\"ListItem\",\"position\":1,\"name\":\"Home\",\"item\":\"https:\\\/\\\/thierrydelsart.com\\\/\"},{\"@type\":\"ListItem\",\"position\":2,\"name\":\"Me Barcelona abre pronto\"}]},{\"@type\":\"WebSite\",\"@id\":\"https:\\\/\\\/thierrydelsart.com\\\/#website\",\"url\":\"https:\\\/\\\/thierrydelsart.com\\\/\",\"name\":\"Thierry Delsart Foto\",\"description\":\"Thierry Delsart Fotograf\u00eda\",\"publisher\":{\"@id\":\"https:\\\/\\\/thierrydelsart.com\\\/#\\\/schema\\\/person\\\/930355864a9b9ea808a6e5acec40f0f5\"},\"potentialAction\":[{\"@type\":\"SearchAction\",\"target\":{\"@type\":\"EntryPoint\",\"urlTemplate\":\"https:\\\/\\\/thierrydelsart.com\\\/?s={search_term_string}\"},\"query-input\":{\"@type\":\"PropertyValueSpecification\",\"valueRequired\":true,\"valueName\":\"search_term_string\"}}],\"inLanguage\":\"es\"},{\"@type\":[\"Person\",\"Organization\"],\"@id\":\"https:\\\/\\\/thierrydelsart.com\\\/#\\\/schema\\\/person\\\/930355864a9b9ea808a6e5acec40f0f5\",\"name\":\"Thierry Delsart\",\"image\":{\"@type\":\"ImageObject\",\"inLanguage\":\"es\",\"@id\":\"https:\\\/\\\/thierrydelsart.com\\\/wp-content\\\/uploads\\\/2021\\\/05\\\/zc-11957Cuadrado.jpg\",\"url\":\"https:\\\/\\\/thierrydelsart.com\\\/wp-content\\\/uploads\\\/2021\\\/05\\\/zc-11957Cuadrado.jpg\",\"contentUrl\":\"https:\\\/\\\/thierrydelsart.com\\\/wp-content\\\/uploads\\\/2021\\\/05\\\/zc-11957Cuadrado.jpg\",\"width\":1200,\"height\":1200,\"caption\":\"Thierry Delsart\"},\"logo\":{\"@id\":\"https:\\\/\\\/thierrydelsart.com\\\/wp-content\\\/uploads\\\/2021\\\/05\\\/zc-11957Cuadrado.jpg\"},\"description\":\"Thierry Delsart es un fot\u00f3grafo que quiere ayudar a sus clientes a mejorar su imagen o la de sus productos para tener m\u00e1s \u00e9xito.\",\"sameAs\":[\"http:\\\/\\\/thierrydelsart.com\",\"https:\\\/\\\/www.facebook.com\\\/thierry.delsart.foto\",\"https:\\\/\\\/www.instagram.com\\\/thierry.delsart.foto\",\"https:\\\/\\\/www.linkedin.com\\\/in\\\/thierrydelsart\\\/\",\"https:\\\/\\\/www.youtube.com\\\/user\\\/ttoomuch\\\/\"]}]}<\/script>\n<!-- \/ Yoast SEO plugin. -->","yoast_head_json":{"title":"Me Barcelona abre pronto - Thierry Delsart Foto","description":"Thierry Delsart. Fot\u00f3grafo especializado en arquitectura interior y exterior, foto culinaria y retratos.","robots":{"index":"index","follow":"follow","max-snippet":"max-snippet:-1","max-image-preview":"max-image-preview:large","max-video-preview":"max-video-preview:-1"},"canonical":"https:\/\/thierrydelsart.com\/index.php\/2020\/02\/20\/me-barcelona\/","og_locale":"es_ES","og_type":"article","og_title":"Me Barcelona abre pronto - Thierry Delsart Foto","og_description":"Thierry Delsart. Fot\u00f3grafo especializado en arquitectura interior y exterior, foto culinaria y retratos.","og_url":"https:\/\/thierrydelsart.com\/index.php\/2020\/02\/20\/me-barcelona\/","og_site_name":"Thierry Delsart Foto","article_publisher":"https:\/\/www.facebook.com\/thierry.delsart.foto","article_author":"https:\/\/www.facebook.com\/thierry.delsart.foto","article_published_time":"2020-02-20T12:16:09+00:00","article_modified_time":"2021-06-08T18:42:50+00:00","og_image":[{"width":1200,"height":800,"url":"https:\/\/thierrydelsart.com\/wp-content\/uploads\/2020\/06\/MeBarcelona-AuraRoom1.jpg","type":"image\/jpeg"}],"author":"Thierry Delsart","twitter_card":"summary_large_image","twitter_misc":{"Escrito por":"Thierry Delsart","Tiempo de lectura":"2 minutos"},"schema":{"@context":"https:\/\/schema.org","@graph":[{"@type":"Article","@id":"https:\/\/thierrydelsart.com\/index.php\/2020\/02\/20\/me-barcelona\/#article","isPartOf":{"@id":"https:\/\/thierrydelsart.com\/index.php\/2020\/02\/20\/me-barcelona\/"},"author":{"name":"Thierry Delsart","@id":"https:\/\/thierrydelsart.com\/#\/schema\/person\/930355864a9b9ea808a6e5acec40f0f5"},"headline":"Me Barcelona abre pronto","datePublished":"2020-02-20T12:16:09+00:00","dateModified":"2021-06-08T18:42:50+00:00","mainEntityOfPage":{"@id":"https:\/\/thierrydelsart.com\/index.php\/2020\/02\/20\/me-barcelona\/"},"wordCount":210,"publisher":{"@id":"https:\/\/thierrydelsart.com\/#\/schema\/person\/930355864a9b9ea808a6e5acec40f0f5"},"image":{"@id":"https:\/\/thierrydelsart.com\/index.php\/2020\/02\/20\/me-barcelona\/#primaryimage"},"thumbnailUrl":"https:\/\/thierrydelsart.com\/wp-content\/uploads\/2020\/06\/MeBarcelona-AuraRoom1.jpg","articleSection":["noticias"],"inLanguage":"es"},{"@type":"WebPage","@id":"https:\/\/thierrydelsart.com\/index.php\/2020\/02\/20\/me-barcelona\/","url":"https:\/\/thierrydelsart.com\/index.php\/2020\/02\/20\/me-barcelona\/","name":"Me Barcelona abre pronto - Thierry Delsart Foto","isPartOf":{"@id":"https:\/\/thierrydelsart.com\/#website"},"primaryImageOfPage":{"@id":"https:\/\/thierrydelsart.com\/index.php\/2020\/02\/20\/me-barcelona\/#primaryimage"},"image":{"@id":"https:\/\/thierrydelsart.com\/index.php\/2020\/02\/20\/me-barcelona\/#primaryimage"},"thumbnailUrl":"https:\/\/thierrydelsart.com\/wp-content\/uploads\/2020\/06\/MeBarcelona-AuraRoom1.jpg","datePublished":"2020-02-20T12:16:09+00:00","dateModified":"2021-06-08T18:42:50+00:00","description":"Thierry Delsart. Fot\u00f3grafo especializado en arquitectura interior y exterior, foto culinaria y retratos.","breadcrumb":{"@id":"https:\/\/thierrydelsart.com\/index.php\/2020\/02\/20\/me-barcelona\/#breadcrumb"},"inLanguage":"es","potentialAction":[{"@type":"ReadAction","target":["https:\/\/thierrydelsart.com\/index.php\/2020\/02\/20\/me-barcelona\/"]}]},{"@type":"ImageObject","inLanguage":"es","@id":"https:\/\/thierrydelsart.com\/index.php\/2020\/02\/20\/me-barcelona\/#primaryimage","url":"https:\/\/thierrydelsart.com\/wp-content\/uploads\/2020\/06\/MeBarcelona-AuraRoom1.jpg","contentUrl":"https:\/\/thierrydelsart.com\/wp-content\/uploads\/2020\/06\/MeBarcelona-AuraRoom1.jpg","width":1200,"height":800,"caption":"Habitaci\u00f3n de hotel con el sol que entra por la ventanas"},{"@type":"BreadcrumbList","@id":"https:\/\/thierrydelsart.com\/index.php\/2020\/02\/20\/me-barcelona\/#breadcrumb","itemListElement":[{"@type":"ListItem","position":1,"name":"Home","item":"https:\/\/thierrydelsart.com\/"},{"@type":"ListItem","position":2,"name":"Me Barcelona abre pronto"}]},{"@type":"WebSite","@id":"https:\/\/thierrydelsart.com\/#website","url":"https:\/\/thierrydelsart.com\/","name":"Thierry Delsart Foto","description":"Thierry Delsart Fotograf\u00eda","publisher":{"@id":"https:\/\/thierrydelsart.com\/#\/schema\/person\/930355864a9b9ea808a6e5acec40f0f5"},"potentialAction":[{"@type":"SearchAction","target":{"@type":"EntryPoint","urlTemplate":"https:\/\/thierrydelsart.com\/?s={search_term_string}"},"query-input":{"@type":"PropertyValueSpecification","valueRequired":true,"valueName":"search_term_string"}}],"inLanguage":"es"},{"@type":["Person","Organization"],"@id":"https:\/\/thierrydelsart.com\/#\/schema\/person\/930355864a9b9ea808a6e5acec40f0f5","name":"Thierry Delsart","image":{"@type":"ImageObject","inLanguage":"es","@id":"https:\/\/thierrydelsart.com\/wp-content\/uploads\/2021\/05\/zc-11957Cuadrado.jpg","url":"https:\/\/thierrydelsart.com\/wp-content\/uploads\/2021\/05\/zc-11957Cuadrado.jpg","contentUrl":"https:\/\/thierrydelsart.com\/wp-content\/uploads\/2021\/05\/zc-11957Cuadrado.jpg","width":1200,"height":1200,"caption":"Thierry Delsart"},"logo":{"@id":"https:\/\/thierrydelsart.com\/wp-content\/uploads\/2021\/05\/zc-11957Cuadrado.jpg"},"description":"Thierry Delsart es un fot\u00f3grafo que quiere ayudar a sus clientes a mejorar su imagen o la de sus productos para tener m\u00e1s \u00e9xito.","sameAs":["http:\/\/thierrydelsart.com","https:\/\/www.facebook.com\/thierry.delsart.foto","https:\/\/www.instagram.com\/thierry.delsart.foto","https:\/\/www.linkedin.com\/in\/thierrydelsart\/","https:\/\/www.youtube.com\/user\/ttoomuch\/"]}]}},"_links":{"self":[{"href":"https:\/\/thierrydelsart.com\/index.php\/wp-json\/wp\/v2\/posts\/1357","targetHints":{"allow":["GET"]}}],"collection":[{"href":"https:\/\/thierrydelsart.com\/index.php\/wp-json\/wp\/v2\/posts"}],"about":[{"href":"https:\/\/thierrydelsart.com\/index.php\/wp-json\/wp\/v2\/types\/post"}],"author":[{"embeddable":true,"href":"https:\/\/thierrydelsart.com\/index.php\/wp-json\/wp\/v2\/users\/1"}],"replies":[{"embeddable":true,"href":"https:\/\/thierrydelsart.com\/index.php\/wp-json\/wp\/v2\/comments?post=1357"}],"version-history":[{"count":0,"href":"https:\/\/thierrydelsart.com\/index.php\/wp-json\/wp\/v2\/posts\/1357\/revisions"}],"wp:featuredmedia":[{"embeddable":true,"href":"https:\/\/thierrydelsart.com\/index.php\/wp-json\/wp\/v2\/media\/1352"}],"wp:attachment":[{"href":"https:\/\/thierrydelsart.com\/index.php\/wp-json\/wp\/v2\/media?parent=1357"}],"wp:term":[{"taxonomy":"category","embeddable":true,"href":"https:\/\/thierrydelsart.com\/index.php\/wp-json\/wp\/v2\/categories?post=1357"},{"taxonomy":"post_tag","embeddable":true,"href":"https:\/\/thierrydelsart.com\/index.php\/wp-json\/wp\/v2\/tags?post=1357"}],"curies":[{"name":"wp","href":"https:\/\/api.w.org\/{rel}","templated":true}]}}